{"id":7478,"date":"2025-06-19T09:00:55","date_gmt":"2025-06-19T07:00:55","guid":{"rendered":"https:\/\/human-towers.com\/?p=7478"},"modified":"2025-06-05T19:19:48","modified_gmt":"2025-06-05T17:19:48","slug":"diversitat-inclusio-forca-equips","status":"publish","type":"post","link":"https:\/\/human-towers.com\/ca\/diversitat-inclusio-forca-equips\/","title":{"rendered":"La diversitat no \u00e9s una difer\u00e8ncia, \u00e9s una for\u00e7a"},"content":{"rendered":"\n<p>Parlem molt de diversitat, per\u00f2 com es viu en el dia a dia d\u2019una empresa? A Human Team Building treballem amb equips de perfils molt diferents, i hem apr\u00e8s una cosa clara: <strong>quan la diversitat s\u2019integra de veritat, l\u2019equip es fa m\u00e9s fort.<\/strong><\/p>\n\n\n\n<div id=\"ez-toc-container\" class=\"ez-toc-v2_0_69_1 counter-hierarchy ez-toc-counter ez-toc-grey ez-toc-container-direction\">\n<div class=\"ez-toc-title-container\">\n<p class=\"ez-toc-title \" ><\/p>\n<span class=\"ez-toc-title-toggle\"><\/span><\/div>\n<nav><ul class='ez-toc-list ez-toc-list-level-1 ' ><li class='ez-toc-page-1 ez-toc-heading-level-3'><a class=\"ez-toc-link ez-toc-heading-1\" href=\"https:\/\/human-towers.com\/ca\/diversitat-inclusio-forca-equips\/#Que_entenem_per_diversitat_real\" title=\"Qu\u00e8 entenem per diversitat real?\">Qu\u00e8 entenem per diversitat real?<\/a><\/li><li class='ez-toc-page-1 ez-toc-heading-level-3'><a class=\"ez-toc-link ez-toc-heading-2\" href=\"https:\/\/human-towers.com\/ca\/diversitat-inclusio-forca-equips\/#Tallers_que_trenquen_etiquetes\" title=\"Tallers que trenquen etiquetes\">Tallers que trenquen etiquetes<\/a><\/li><li class='ez-toc-page-1 ez-toc-heading-level-3'><a class=\"ez-toc-link ez-toc-heading-3\" href=\"https:\/\/human-towers.com\/ca\/diversitat-inclusio-forca-equips\/#La_inclusio_com_a_estrategia_de_lideratge\" title=\"La inclusi\u00f3 com a estrat\u00e8gia de lideratge\">La inclusi\u00f3 com a estrat\u00e8gia de lideratge<\/a><\/li><li class='ez-toc-page-1 ez-toc-heading-level-3'><a class=\"ez-toc-link ez-toc-heading-4\" href=\"https:\/\/human-towers.com\/ca\/diversitat-inclusio-forca-equips\/#Beneficis_dun_equip_divers_i_inclusiu\" title=\"Beneficis d\u2019un equip divers i inclusiu\">Beneficis d\u2019un equip divers i inclusiu<\/a><\/li><li class='ez-toc-page-1 ez-toc-heading-level-3'><a class=\"ez-toc-link ez-toc-heading-5\" href=\"https:\/\/human-towers.com\/ca\/diversitat-inclusio-forca-equips\/#Comenca_el_canvi_des_de_dins\" title=\"Comen\u00e7a el canvi des de dins\">Comen\u00e7a el canvi des de dins<\/a><\/li><\/ul><\/nav><\/div>\n<h3 class=\"wp-block-heading\"><span class=\"ez-toc-section\" id=\"Que_entenem_per_diversitat_real\"><\/span>Qu\u00e8 entenem per diversitat real?<span class=\"ez-toc-section-end\"><\/span><\/h3>\n\n\n\n<p>La diversitat va m\u00e9s enll\u00e0 del g\u00e8nere, origen o edat. Inclou tamb\u00e9:<\/p>\n\n\n\n<ul class=\"wp-block-list\">\n<li>Experi\u00e8ncies professionals<\/li>\n\n\n\n<li>Maneres de pensar<\/li>\n\n\n\n<li>Estils de comunicaci\u00f3<\/li>\n\n\n\n<li>Capacitats emocionals<\/li>\n<\/ul>\n\n\n\n<p>I, sobretot, la capacitat de <strong>valorar aquestes difer\u00e8ncies com un recurs<\/strong>, no com una barrera.<\/p>\n\n\n\n<h3 class=\"wp-block-heading\"><span class=\"ez-toc-section\" id=\"Tallers_que_trenquen_etiquetes\"><\/span>Tallers que trenquen etiquetes<span class=\"ez-toc-section-end\"><\/span><\/h3>\n\n\n\n<p>Als nostres tallers, una directiva pot acabar demanant suport a una persona d\u2019un departament t\u00e8cnic, o un jove becari pot ser enxaneta. Aix\u00f2 genera un canvi profund:<br><strong>es desactiven jerarquies artificials i es comen\u00e7a a veure el valor de les persones, no nom\u00e9s del seu t\u00edtol.<\/strong><\/p>\n\n\n\n<h3 class=\"wp-block-heading\"><span class=\"ez-toc-section\" id=\"La_inclusio_com_a_estrategia_de_lideratge\"><\/span>La inclusi\u00f3 com a estrat\u00e8gia de lideratge<span class=\"ez-toc-section-end\"><\/span><\/h3>\n\n\n\n<p>Incloure no \u00e9s nom\u00e9s \u201cacceptar\u201d. \u00c9s <strong>donar espai actiu a totes les veus<\/strong>. Quan un equip divers es sent integrat, passa una cosa m\u00e0gica: apareixen noves idees, es prenen millors decisions, i augmenta el sentiment de pertinen\u00e7a.<\/p>\n\n\n\n<h3 class=\"wp-block-heading\"><span class=\"ez-toc-section\" id=\"Beneficis_dun_equip_divers_i_inclusiu\"><\/span>Beneficis d\u2019un equip divers i inclusiu<span class=\"ez-toc-section-end\"><\/span><\/h3>\n\n\n\n<p>\u2714\ufe0f M\u00e9s creativitat<br>\u2714\ufe0f Millor clima laboral<br>\u2714\ufe0f Menys rotaci\u00f3 de personal<br>\u2714\ufe0f Millor reputaci\u00f3 de marca<br>\u2714\ufe0f Lideratge m\u00e9s hum\u00e0<\/p>\n\n\n\n<h3 class=\"wp-block-heading\"><span class=\"ez-toc-section\" id=\"Comenca_el_canvi_des_de_dins\"><\/span>Comen\u00e7a el canvi des de dins<span class=\"ez-toc-section-end\"><\/span><\/h3>\n\n\n\n<p>No cal fer grans discursos. Cal viure-ho. I nosaltres oferim una manera vivencial, segura i potent per experimentar el valor de la diversitat real en acci\u00f3.<\/p>\n\n\n\n<hr class=\"wp-block-separator has-alpha-channel-opacity\"\/>\n\n\n\n<p>Un equip que escolta totes les veus \u00e9s un equip que avan\u00e7a m\u00e9s lluny.<br>A <strong>Human Team Building<\/strong>, transformem la diversitat en una fortalesa compartida. Vols provar-ho?<\/p>\n\n\n\n<p><\/p>\n","protected":false},"excerpt":{"rendered":"<p>Parlem molt de diversitat, per\u00f2 com es viu en el dia a dia d\u2019una empresa? A Human Team Building treballem amb equips de perfils molt diferents, i hem apr\u00e8s una cosa clara: quan la diversitat s\u2019integra de veritat, l\u2019equip es fa m\u00e9s fort. Qu\u00e8 entenem per diversitat real? La diversitat va m\u00e9s enll\u00e0 del g\u00e8nere,&#8230;<\/p>\n","protected":false},"author":3,"featured_media":7483,"comment_status":"open","ping_status":"open","sticky":false,"template":"","format":"standard","meta":{"footnotes":""},"categories":[137,53],"tags":[199,196,200,198,197],"class_list":["post-7478","post","type-post","status-publish","format-standard","has-post-thumbnail","hentry","category-equip","category-team-2","tag-cohesio-equips","tag-diversitat","tag-equips-humans","tag-forca","tag-inclusio"],"_links":{"self":[{"href":"https:\/\/human-towers.com\/ca\/wp-json\/wp\/v2\/posts\/7478"}],"collection":[{"href":"https:\/\/human-towers.com\/ca\/wp-json\/wp\/v2\/posts"}],"about":[{"href":"https:\/\/human-towers.com\/ca\/wp-json\/wp\/v2\/types\/post"}],"author":[{"embeddable":true,"href":"https:\/\/human-towers.com\/ca\/wp-json\/wp\/v2\/users\/3"}],"replies":[{"embeddable":true,"href":"https:\/\/human-towers.com\/ca\/wp-json\/wp\/v2\/comments?post=7478"}],"version-history":[{"count":1,"href":"https:\/\/human-towers.com\/ca\/wp-json\/wp\/v2\/posts\/7478\/revisions"}],"predecessor-version":[{"id":7479,"href":"https:\/\/human-towers.com\/ca\/wp-json\/wp\/v2\/posts\/7478\/revisions\/7479"}],"wp:featuredmedia":[{"embeddable":true,"href":"https:\/\/human-towers.com\/ca\/wp-json\/wp\/v2\/media\/7483"}],"wp:attachment":[{"href":"https:\/\/human-towers.com\/ca\/wp-json\/wp\/v2\/media?parent=7478"}],"wp:term":[{"taxonomy":"category","embeddable":true,"href":"https:\/\/human-towers.com\/ca\/wp-json\/wp\/v2\/categories?post=7478"},{"taxonomy":"post_tag","embeddable":true,"href":"https:\/\/human-towers.com\/ca\/wp-json\/wp\/v2\/tags?post=7478"}],"curies":[{"name":"wp","href":"https:\/\/api.w.org\/{rel}","templated":true}]}}