{"id":7451,"date":"2025-04-10T13:53:08","date_gmt":"2025-04-10T11:53:08","guid":{"rendered":"https:\/\/human-towers.com\/?p=7451"},"modified":"2025-04-10T17:09:24","modified_gmt":"2025-04-10T15:09:24","slug":"si-liderar-mai-va-ser-facil-ara-menys-que-mai","status":"publish","type":"post","link":"https:\/\/human-towers.com\/ca\/si-liderar-mai-va-ser-facil-ara-menys-que-mai\/","title":{"rendered":"Si liderar mai va ser f\u00e0cil, ara menys que mai amb el lideratge multigeneracional"},"content":{"rendered":"\n<p>Els reptes d\u2019avui s\u00f3n una aut\u00e8ntica marat\u00f3: crisis econ\u00f2miques, globalitzaci\u00f3, clients cada cop m\u00e9s exigents, tecnologia que no para d\u2019evolucionar, cadenes de subministrament estressades, i equips formats per persones de fins a quatre generacions diferents. Un bon embolic, oi?<\/p>\n\n\n\n<p>Per aix\u00f2, vull compartir amb tu les 5 claus per liderar equips multigeneracionals amb \u00e8xit \u2014un dels grans maldecaps dels l\u00edders actuals.<\/p>\n\n\n\n<hr class=\"wp-block-separator has-alpha-channel-opacity\"\/>\n\n\n\n<p class=\"has-medium-font-size\"><strong>Abans de comen\u00e7ar: d\u2019on venen les etiquetes generacionals?<\/strong><\/p>\n\n\n\n<p>Les conegudes etiquetes com <em>Baby Boomers<\/em>, <em>Generaci\u00f3 X<\/em>, <em>Millennials<\/em> o <em>Gen Z<\/em> no s\u00f3n m\u00e9s que invencions del m\u00e0rqueting per segmentar p\u00fablics i vendre millor. Per\u00f2 aquestes etiquetes, sovint, simplifiquen tant que acaben creant m\u00e9s dist\u00e0ncia que connexi\u00f3.<\/p>\n\n\n\n<p>Avui dia, la majoria d&#8217;empreses compten amb equips formats per quatre generacions:<\/p>\n\n\n\n<ul class=\"wp-block-list\">\n<li><strong>Baby Boomers (1946-1964):<\/strong> Treballadors incansables, amb una cultura de l\u2019esfor\u00e7 arrelada. Porten la resili\u00e8ncia a la sang. Valoren que se\u2019ls reconegui la seva traject\u00f2ria i experi\u00e8ncia. No necessiten modernitats; necessiten sentir-se \u00fatils i respectats.<\/li>\n<\/ul>\n\n\n\n<ul class=\"wp-block-list\">\n<li><strong>Generaci\u00f3 X (1965-1979):<\/strong> Equilibristes vitals entre feina, fam\u00edlia i responsabilitats. S\u00f3n el pont entre les generacions. Amb capacitat d\u2019adaptaci\u00f3 i una mirada equilibrada, poden connectar els valors dels m\u00e9s grans amb l\u2019energia dels m\u00e9s joves.<\/li>\n<\/ul>\n\n\n\n<ul class=\"wp-block-list\">\n<li><strong>Millennials (1980-1995):<\/strong> Apassionats per fer un m\u00f3n millor tot buscant estabilitat i sentit. Busquen impacte, sentit i equilibri. Han apr\u00e8s a adaptar-se a un m\u00f3n canviant i volen sentir que el que fan importa.<\/li>\n<\/ul>\n\n\n\n<ul class=\"wp-block-list\">\n<li><strong>Generaci\u00f3 Z (1996-2010):<\/strong> Creatius, digitals i compromesos amb valors socials i ambientals. Sovint jutjats com \u201cvol\u00e0tils\u201d, per\u00f2 s\u00f3n extremadament compromesos amb all\u00f2 que valoren. Volen un m\u00f3n m\u00e9s just, m\u00e9s sostenible i m\u00e9s saludable \u2014i no tenen por d\u2019aixecar la veu.<\/li>\n<\/ul>\n\n\n\n<hr class=\"wp-block-separator has-alpha-channel-opacity\"\/>\n\n\n\n<p class=\"has-medium-font-size\"><strong>El problema no \u00e9s conviure&#8230; sin\u00f3 com ho fem<\/strong><\/p>\n\n\n\n<p>Quan les etiquetes ens defineixen massa, acaben generant conflictes. \u00c9s f\u00e0cil caure en frases com:<\/p>\n\n\n\n<ul class=\"wp-block-list\">\n<li>\u201cEls joves no volen treballar\u201d<\/li>\n\n\n\n<li>\u201cEls grans no entenen la tecnologia\u201d<\/li>\n<\/ul>\n\n\n\n<p>Aquestes generalitzacions nom\u00e9s allunyen les persones. En canvi, si volem equips forts i cohesionats, cal <strong>m\u00e9s empatia i menys culpa<\/strong>.<\/p>\n\n\n\n<hr class=\"wp-block-separator has-alpha-channel-opacity\"\/>\n\n\n\n<p class=\"has-medium-font-size\"><strong>Tots volem el mateix: una vida amb sentit<\/strong><\/p>\n\n\n\n<p>Les prioritats poden variar, per\u00f2 hi ha una cosa que ens uneix: <strong>tots volem una vida plena<\/strong>. Sigui tranquil\u00b7litat, autenticitat, estabilitat o salut, al final del dia compartim m\u00e9s del que pensem.<\/p>\n\n\n\n<p>L\u2019escolta activa \u00e9s el primer pas. Escoltar no \u00e9s nom\u00e9s esperar el teu torn per parlar, sin\u00f3 entendre realment l\u2019altre. I aix\u00f2 genera confian\u00e7a, respecte i col\u00b7laboraci\u00f3.<\/p>\n\n\n\n<hr class=\"wp-block-separator has-alpha-channel-opacity\"\/>\n\n\n\n<p class=\"has-medium-font-size\"><strong>Les 5 claus per liderar equips multigeneracionals amb \u00e8xit<\/strong><\/p>\n\n\n\n<ol start=\"1\" class=\"wp-block-list\">\n<li><strong>Un prop\u00f2sit compartit:<\/strong> Quan tothom treballa per una causa comuna, les difer\u00e8ncies s&#8217;esvaeixen. Construeix un nord com\u00fa que uneixi.<\/li>\n\n\n\n<li><strong>Mentoria creuada:<\/strong> Crea espais d\u2019aprenentatge entre generacions. Combina experi\u00e8ncia amb innovaci\u00f3.<\/li>\n\n\n\n<li><strong>Reconeixement personalitzat:<\/strong> Cada generaci\u00f3 valora coses diferents. Identifica qu\u00e8 motiva a cadasc\u00fa i fes que se sentin vistos.<\/li>\n\n\n\n<li><strong>Escolta activa:<\/strong> Dona veu a tothom. Organitza converses reals, no nom\u00e9s avaluacions anuals.<\/li>\n\n\n\n<li><strong>Benestar real:<\/strong> No es tracta de tenir una taula de ping-pong, sin\u00f3 de cuidar la salut f\u00edsica i emocional de l\u2019equip. El benestar fidelitza.<\/li>\n<\/ol>\n\n\n\n<hr class=\"wp-block-separator has-alpha-channel-opacity\"\/>\n\n\n\n<p class=\"has-medium-font-size\"><strong>Liderar avui \u00e9s inspirar, no manar<\/strong><\/p>\n\n\n\n<p>Liderar no \u00e9s imposar la teva visi\u00f3, sin\u00f3 ajudar a construir-ne una de compartida. El l\u00edder d\u2019avui crea comunitats, no nom\u00e9s compleix objectius. <strong>I sap veure la riquesa que hi ha en la diversitat.<\/strong><\/p>\n\n\n\n<p>Barrejar l\u2019energia dels joves amb la saviesa dels m\u00e9s grans \u00e9s una f\u00f3rmula poderosa. <strong>El futur del lideratge passa per entendre, adaptar-se i inspirar.<\/strong><\/p>\n\n\n\n<hr class=\"wp-block-separator has-alpha-channel-opacity\"\/>\n\n\n\n<p>Si vols formar el teu equip amb m\u00e9s empatia, claredat i visi\u00f3 de futur, <a href=\"https:\/\/human-towers.com\/ca\/serveis-tallers-de-lideratge\/\" data-type=\"link\" data-id=\"https:\/\/human-towers.com\/ca\/serveis-tallers-de-lideratge\/\">consulta els nostres tallers<\/a>  o escriu-nos a info@human-towers.com.<\/p>\n\n\n\n<p><\/p>\n","protected":false},"excerpt":{"rendered":"<p>Els reptes d\u2019avui s\u00f3n una aut\u00e8ntica marat\u00f3: crisis econ\u00f2miques, globalitzaci\u00f3, clients cada cop m\u00e9s exigents, tecnologia que no para d\u2019evolucionar, cadenes de subministrament estressades, i equips formats per persones de fins a quatre generacions diferents. Un bon embolic, oi? Per aix\u00f2, vull compartir amb tu les 5 claus per liderar equips multigeneracionals amb \u00e8xit \u2014un&#8230;<\/p>\n","protected":false},"author":3,"featured_media":7452,"comment_status":"open","ping_status":"open","sticky":false,"template":"","format":"standard","meta":{"footnotes":""},"categories":[137,126,53],"tags":[189,188,134],"class_list":["post-7451","post","type-post","status-publish","format-standard","has-post-thumbnail","hentry","category-equip","category-liders","category-team-2","tag-canvi-generacional","tag-lideratge-miltigeneracional","tag-lideratge-positiu-ca"],"_links":{"self":[{"href":"https:\/\/human-towers.com\/ca\/wp-json\/wp\/v2\/posts\/7451"}],"collection":[{"href":"https:\/\/human-towers.com\/ca\/wp-json\/wp\/v2\/posts"}],"about":[{"href":"https:\/\/human-towers.com\/ca\/wp-json\/wp\/v2\/types\/post"}],"author":[{"embeddable":true,"href":"https:\/\/human-towers.com\/ca\/wp-json\/wp\/v2\/users\/3"}],"replies":[{"embeddable":true,"href":"https:\/\/human-towers.com\/ca\/wp-json\/wp\/v2\/comments?post=7451"}],"version-history":[{"count":3,"href":"https:\/\/human-towers.com\/ca\/wp-json\/wp\/v2\/posts\/7451\/revisions"}],"predecessor-version":[{"id":7457,"href":"https:\/\/human-towers.com\/ca\/wp-json\/wp\/v2\/posts\/7451\/revisions\/7457"}],"wp:featuredmedia":[{"embeddable":true,"href":"https:\/\/human-towers.com\/ca\/wp-json\/wp\/v2\/media\/7452"}],"wp:attachment":[{"href":"https:\/\/human-towers.com\/ca\/wp-json\/wp\/v2\/media?parent=7451"}],"wp:term":[{"taxonomy":"category","embeddable":true,"href":"https:\/\/human-towers.com\/ca\/wp-json\/wp\/v2\/categories?post=7451"},{"taxonomy":"post_tag","embeddable":true,"href":"https:\/\/human-towers.com\/ca\/wp-json\/wp\/v2\/tags?post=7451"}],"curies":[{"name":"wp","href":"https:\/\/api.w.org\/{rel}","templated":true}]}}