{"id":7237,"date":"2024-02-29T08:00:00","date_gmt":"2024-02-29T06:00:00","guid":{"rendered":"https:\/\/human-towers.com\/?p=7237"},"modified":"2024-02-27T18:47:33","modified_gmt":"2024-02-27T16:47:33","slug":"el-llegat-del-lideratge-de-steve-jobs-un-mestre-de-la-innovacio","status":"publish","type":"post","link":"https:\/\/human-towers.com\/ca\/el-llegat-del-lideratge-de-steve-jobs-un-mestre-de-la-innovacio\/","title":{"rendered":"El llegat del lideratge de Steve Jobs: Un mestre de la innovaci\u00f3"},"content":{"rendered":"\n<p class=\"has-medium-font-size\">En el m\u00f3n empresarial competitiu, la figura de Steve Jobs s&#8217;erigeix en un far d&#8217;inspiraci\u00f3 i aprenentatge. El seu lideratge visionari i apassionat ha deixat una empremta indeleble en la hist\u00f2ria d&#8217;Apple Inc. i en el m\u00f3n de la tecnologia. En aquest blog, explorarem amb detall com era el lideratge de Steve Jobs i les lli\u00e7ons que podem extreure del seu enfocament per aplicar-les a les nostres pr\u00f2pies vides i carreres.<\/p>\n\n\n\n<p class=\"has-large-font-size\"><strong>Visi\u00f3 i passi\u00f3:<\/strong><\/p>\n\n\n\n<p>Steve Jobs va ser un l\u00edder amb una visi\u00f3 clara i una passi\u00f3 desbordant per la innovaci\u00f3. La seva visi\u00f3 transcendia els l\u00edmits convencionals i la seva passi\u00f3 era palpable en cada decisi\u00f3 que prenia i en cada producte que llan\u00e7ava al mercat. <\/p>\n\n\n\n<p><strong>La visi\u00f3 de Jobs no nom\u00e9s inspirava al seu equip, sin\u00f3 que tamb\u00e9 encenia la flama de la creativitat i el comprom\u00eds en tota l&#8217;organitzaci\u00f3.<\/strong><\/p>\n\n\n\n<p class=\"has-large-font-size\"><strong>Perfeccionisme i atenci\u00f3 al detall:<\/strong><\/p>\n\n\n\n<p class=\"has-medium-font-size\">El perfeccionisme de Steve Jobs era llegenda. Des del disseny dels productes fins a l&#8217;experi\u00e8ncia de l&#8217;usuari, Jobs insistia en l&#8217;excel\u00b7l\u00e8ncia en cada detall. La seva obsessi\u00f3 per la qualitat es manifestava en la meticulosa atenci\u00f3 que dedicava a cada aspecte de les seves creacions. <\/p>\n\n\n\n<p class=\"has-medium-font-size\"><strong>Aquest enfocament en el perfeccionisme elevava l&#8217;est\u00e0ndard de qualitat d&#8217;Apple a nivells insuperables.<\/strong><\/p>\n\n\n\n<p class=\"has-large-font-size\"><strong>Capacitat per desafiar l&#8217;establert:<\/strong><\/p>\n\n\n\n<p class=\"has-medium-font-size\">Steve Jobs era un l\u00edder auda\u00e7 que no temia desafiar l&#8217;establert. La seva valentia per trencar les convencions establertes va ser el que va impulsar la innovaci\u00f3 a Apple i va permetre que l&#8217;empresa destapes en un mercat saturat.<\/p>\n\n\n\n<p class=\"has-medium-font-size\"><strong>Jobs creia fermament en la import\u00e0ncia de pensar diferent i de q\u00fcestionar les normes existents per obrir nous camins cap a l&#8217;\u00e8xit.<\/strong><\/p>\n\n\n\n<p class=\"has-large-font-size\"><strong>Enfocament en la simplicitat:<\/strong><\/p>\n\n\n\n<p class=\"has-medium-font-size\">Tot i la seva obsessi\u00f3 pel detall, Steve Jobs valorava la simplicitat en el disseny i la funcionalitat dels seus productes. Per a ell, la simplicitat era sin\u00f2nim d&#8217;eleg\u00e0ncia i efic\u00e0cia. Jobs esfor\u00e7ava per eliminar qualsevol element superflu i crear productes que fossin intu\u00eftius i f\u00e0cils d&#8217;utilitzar per als usuaris. <\/p>\n\n\n\n<p class=\"has-medium-font-size\"><strong>Aquest enfocament en la simplicitat es reflectia en l&#8217;est\u00e8tica minimalista dels productes d&#8217;Apple i en la seva interf\u00edcie d&#8217;usuari intu\u00eftiva.<\/strong><\/p>\n\n\n\n<p class=\"has-large-font-size\"><strong>Capacitat per inspirar i motivar:<\/strong><\/p>\n\n\n\n<p class=\"has-medium-font-size\">Tot i ser conegut pel seu estil directe i exigent, Steve Jobs tamb\u00e9 tenia la capacitat d&#8217;inspirar i motivar el seu equip com ning\u00fa altre. La seva passi\u00f3 i dedicaci\u00f3 eren contagioses, i la seva visi\u00f3 del futur de la tecnologia inspirava altres a assolir noves al\u00e7ades. <\/p>\n\n\n\n<p class=\"has-medium-font-size\"><strong>Tot i la seva exig\u00e8ncia, Jobs era capa\u00e7 d&#8217;infondre un sentit de prop\u00f2sit i orgull en aquells que treballaven al seu costat, impulsant-los a donar el millor d&#8217;ells mateixos.<\/strong><\/p>\n\n\n\n<p class=\"has-large-font-size\"><strong>Aprenentatge continu:<\/strong><\/p>\n\n\n\n<p>Tot i els seus nombrosos \u00e8xits, Steve Jobs mai va deixar d&#8217;aprendre i evolucionar com a l\u00edder. Reconeixia que sempre hi havia m\u00e9s per descobrir i que la compet\u00e8ncia era l&#8217;enemic del progr\u00e9s. <\/p>\n\n\n\n<p>Aquesta mentalitat d&#8217;aprenentatge continu el va mantenir sempre a l&#8217;avantguarda de la innovaci\u00f3 i li va permetre <strong>adaptar-se als canvis en el mercat i en la ind\u00fastria.<\/strong><\/p>\n\n\n\n<p><\/p>\n\n\n\n<p>El lideratge de Steve Jobs continua sent un referent per a molts en el m\u00f3n empresarial. La seva capacitat per pensar diferent, la seva passi\u00f3 per l&#8217;excel\u00b7l\u00e8ncia i el seu enfocament implacable en la innovaci\u00f3 el converteixen en un model a seguir per a l\u00edders de totes les ind\u00fastries. <\/p>\n\n\n\n<p>Tot i que el seu estil de lideratge no era convencional i sovint era controvertit, no es pot negar l&#8217;impacte durador que va tenir en el m\u00f3n de la tecnologia i m\u00e9s enll\u00e0. En \u00faltima inst\u00e0ncia, <strong>el llegat de Steve Jobs ens recorda la import\u00e0ncia de tenir una visi\u00f3 clara, perseguir l&#8217;excel\u00b7l\u00e8ncia i mai deixar de desafiar els l\u00edmits de qu\u00e8 \u00e9s possible.<\/strong><\/p>\n","protected":false},"excerpt":{"rendered":"<p>En el m\u00f3n empresarial competitiu, la figura de Steve Jobs s&#8217;erigeix en un far d&#8217;inspiraci\u00f3 i aprenentatge. El seu lideratge visionari i apassionat ha deixat una empremta indeleble en la hist\u00f2ria d&#8217;Apple Inc. i en el m\u00f3n de la tecnologia.<\/p>\n","protected":false},"author":3,"featured_media":7235,"comment_status":"open","ping_status":"open","sticky":false,"template":"","format":"standard","meta":{"footnotes":""},"categories":[6],"tags":[105],"class_list":["post-7237","post","type-post","status-publish","format-standard","has-post-thumbnail","hentry","category-uncategorized-ca","tag-aprenentatge"],"_links":{"self":[{"href":"https:\/\/human-towers.com\/ca\/wp-json\/wp\/v2\/posts\/7237"}],"collection":[{"href":"https:\/\/human-towers.com\/ca\/wp-json\/wp\/v2\/posts"}],"about":[{"href":"https:\/\/human-towers.com\/ca\/wp-json\/wp\/v2\/types\/post"}],"author":[{"embeddable":true,"href":"https:\/\/human-towers.com\/ca\/wp-json\/wp\/v2\/users\/3"}],"replies":[{"embeddable":true,"href":"https:\/\/human-towers.com\/ca\/wp-json\/wp\/v2\/comments?post=7237"}],"version-history":[{"count":1,"href":"https:\/\/human-towers.com\/ca\/wp-json\/wp\/v2\/posts\/7237\/revisions"}],"predecessor-version":[{"id":7240,"href":"https:\/\/human-towers.com\/ca\/wp-json\/wp\/v2\/posts\/7237\/revisions\/7240"}],"wp:featuredmedia":[{"embeddable":true,"href":"https:\/\/human-towers.com\/ca\/wp-json\/wp\/v2\/media\/7235"}],"wp:attachment":[{"href":"https:\/\/human-towers.com\/ca\/wp-json\/wp\/v2\/media?parent=7237"}],"wp:term":[{"taxonomy":"category","embeddable":true,"href":"https:\/\/human-towers.com\/ca\/wp-json\/wp\/v2\/categories?post=7237"},{"taxonomy":"post_tag","embeddable":true,"href":"https:\/\/human-towers.com\/ca\/wp-json\/wp\/v2\/tags?post=7237"}],"curies":[{"name":"wp","href":"https:\/\/api.w.org\/{rel}","templated":true}]}}