{"id":7171,"date":"2023-12-01T15:09:25","date_gmt":"2023-12-01T13:09:25","guid":{"rendered":"https:\/\/human-towers.com\/?p=7171"},"modified":"2023-12-01T15:10:08","modified_gmt":"2023-12-01T13:10:08","slug":"optimitzar-leficiencia-i-qualitat-laboral","status":"publish","type":"post","link":"https:\/\/human-towers.com\/ca\/optimitzar-leficiencia-i-qualitat-laboral\/","title":{"rendered":"Estrat\u00e8gies per Optimitzar l&#8217;Efici\u00e8ncia i Qualitat Laboral"},"content":{"rendered":"\n<p>En el m\u00f3n laboral actual, on la velocitat de la informaci\u00f3 i la complexitat de les tasques s\u00f3n constants, la <strong>gesti\u00f3 del temps s&#8217;ha convertit en un element clau per a l&#8217;\u00e8xit <\/strong>de qualsevol equip de treball.&nbsp;<\/p>\n\n\n\n<p>La capacitat d&#8217;optimitzar el temps de manera efectiva no nom\u00e9s impulsa la productivitat sin\u00f3 que tamb\u00e9 contribueix a la <strong>millora de la qualitat del treball realitzat<\/strong>.&nbsp;<\/p>\n\n\n\n<p>En el context d&#8217;un entorn col\u00b7laboratiu, la gesti\u00f3 del temps adquireix un paper crucial, ja que les accions individuals impacten directament en el rendiment col\u00b7lectiu.&nbsp;<\/p>\n\n\n\n<p>En aquest article, explorarem consells i m\u00e8todes per a maximitzar l&#8217;efici\u00e8ncia i la qualitat del treball en equip a trav\u00e9s d&#8217;una gesti\u00f3 del temps efectiva.<\/p>\n\n\n\n<div id=\"ez-toc-container\" class=\"ez-toc-v2_0_69_1 counter-hierarchy ez-toc-counter ez-toc-grey ez-toc-container-direction\">\n<div class=\"ez-toc-title-container\">\n<p class=\"ez-toc-title \" ><\/p>\n<span class=\"ez-toc-title-toggle\"><\/span><\/div>\n<nav><ul class='ez-toc-list ez-toc-list-level-1 ' ><li class='ez-toc-page-1 ez-toc-heading-level-2'><a class=\"ez-toc-link ez-toc-heading-1\" href=\"https:\/\/human-towers.com\/ca\/optimitzar-leficiencia-i-qualitat-laboral\/#Establir_Objectius_Clars_i_Prioritats\" title=\"Establir Objectius Clars i Prioritats\">Establir Objectius Clars i Prioritats<\/a><\/li><li class='ez-toc-page-1 ez-toc-heading-level-2'><a class=\"ez-toc-link ez-toc-heading-2\" href=\"https:\/\/human-towers.com\/ca\/optimitzar-leficiencia-i-qualitat-laboral\/#Comunicacio_Oberta_i_Transparent\" title=\"Comunicaci\u00f3 Oberta i Transparent\">Comunicaci\u00f3 Oberta i Transparent<\/a><\/li><li class='ez-toc-page-1 ez-toc-heading-level-2'><a class=\"ez-toc-link ez-toc-heading-3\" href=\"https:\/\/human-towers.com\/ca\/optimitzar-leficiencia-i-qualitat-laboral\/#Delegar_Responsabilitats_de_Manera_Estrategica\" title=\"Delegar Responsabilitats de Manera Estrat\u00e8gica\">Delegar Responsabilitats de Manera Estrat\u00e8gica<\/a><\/li><li class='ez-toc-page-1 ez-toc-heading-level-2'><a class=\"ez-toc-link ez-toc-heading-4\" href=\"https:\/\/human-towers.com\/ca\/optimitzar-leficiencia-i-qualitat-laboral\/#Utilitzar_eines_tecnologiques_de_Gestio_del_Temps\" title=\"Utilitzar eines tecnol\u00f2giques de Gesti\u00f3 del Temps\">Utilitzar eines tecnol\u00f2giques de Gesti\u00f3 del Temps<\/a><\/li><li class='ez-toc-page-1 ez-toc-heading-level-2'><a class=\"ez-toc-link ez-toc-heading-5\" href=\"https:\/\/human-towers.com\/ca\/optimitzar-leficiencia-i-qualitat-laboral\/#Promoure_la_Flexibilitat_i_lAdaptabilitat\" title=\"Promoure la Flexibilitat i l&#8217;Adaptabilitat\">Promoure la Flexibilitat i l&#8217;Adaptabilitat<\/a><\/li><li class='ez-toc-page-1 ez-toc-heading-level-2'><a class=\"ez-toc-link ez-toc-heading-6\" href=\"https:\/\/human-towers.com\/ca\/optimitzar-leficiencia-i-qualitat-laboral\/#Avaluacio_Continua_i_Aprenentatge\" title=\"Avaluaci\u00f3 Cont\u00ednua i Aprenentatge\">Avaluaci\u00f3 Cont\u00ednua i Aprenentatge<\/a><\/li><\/ul><\/nav><\/div>\n<h2 class=\"wp-block-heading\"><span class=\"ez-toc-section\" id=\"Establir_Objectius_Clars_i_Prioritats\"><\/span><strong>Establir Objectius Clars i Prioritats<\/strong><span class=\"ez-toc-section-end\"><\/span><\/h2>\n\n\n\n<p>El primer pas cap a una gesti\u00f3 del temps efectiva en el treball en equip \u00e9s establir objectius clars i prioritats.&nbsp;<\/p>\n\n\n\n<p>Abans d&#8217;iniciar qualsevol projecte, <strong>\u00e9s fonamental tenir una comprensi\u00f3 clara dels resultats<\/strong> <strong>desitjats<\/strong>. Aix\u00f2 no nom\u00e9s ajuda a donar direcci\u00f3 a l&#8217;equip, sin\u00f3 que tamb\u00e9 facilita la identificaci\u00f3 de les tasques m\u00e9s importants i urgents.&nbsp;<\/p>\n\n\n\n<p>En establir prioritats, s&#8217;assegura que tots estiguin a la mateixa p\u00e0gina i es treballin en funci\u00f3 d\u2019objectius compartits. Utilitzar eines com llistes de tasques, diagrames de Gantt o plataformes de gesti\u00f3 de projectes pot ser fonamental per organitzar i visualitzar aquestes prioritats de manera efectiva.<\/p>\n\n\n\n<h2 class=\"wp-block-heading\"><span class=\"ez-toc-section\" id=\"Comunicacio_Oberta_i_Transparent\"><\/span><strong>Comunicaci\u00f3 Oberta i Transparent<\/strong><span class=\"ez-toc-section-end\"><\/span><\/h2>\n\n\n\n<p>La comunicaci\u00f3 efectiva \u00e9s la columna vertebral de qualsevol equip exit\u00f3s.&nbsp;<\/p>\n\n\n\n<p>En el context de la gesti\u00f3 del temps, la comunicaci\u00f3 oberta i transparent es converteix en un factor clau. <strong>Els membres de l&#8217;equip han de sentir-se lliures per expressar les seves necessitats<\/strong>, <strong>compartir aven\u00e7os i discutir possibles obstacles<\/strong>.&nbsp;<\/p>\n\n\n\n<p>Una comunicaci\u00f3 transparent ajuda a evitar malentesos i assegura que tots estiguin al corrent dels terminis i canvis en la planificaci\u00f3. La implementaci\u00f3 de reunions regulars per revisar el progr\u00e9s i discutir ajustos necessaris pot millorar significativament la coordinaci\u00f3 i l&#8217;efici\u00e8ncia de l&#8217;equip.<\/p>\n\n\n\n<figure class=\"wp-block-gallery has-nested-images columns-default is-cropped wp-block-gallery-1 is-layout-flex wp-block-gallery-is-layout-flex\">\n<figure class=\"wp-block-image size-large\"><img loading=\"lazy\" decoding=\"async\" width=\"1024\" height=\"625\" data-id=\"7175\" src=\"https:\/\/human-towers.com\/wp-content\/uploads\/Estrategias-para-Optimizar-la-Eficiencia-y-Calidad-Laboral-HTB-1024x625.jpg\" alt=\"Estrategias para Optimizar la Eficiencia y Calidad Laboral\" class=\"wp-image-7175\" srcset=\"https:\/\/human-towers.com\/wp-content\/uploads\/Estrategias-para-Optimizar-la-Eficiencia-y-Calidad-Laboral-HTB-1024x625.jpg 1024w, https:\/\/human-towers.com\/wp-content\/uploads\/Estrategias-para-Optimizar-la-Eficiencia-y-Calidad-Laboral-HTB-300x183.jpg 300w, https:\/\/human-towers.com\/wp-content\/uploads\/Estrategias-para-Optimizar-la-Eficiencia-y-Calidad-Laboral-HTB-768x469.jpg 768w, https:\/\/human-towers.com\/wp-content\/uploads\/Estrategias-para-Optimizar-la-Eficiencia-y-Calidad-Laboral-HTB-1536x938.jpg 1536w, https:\/\/human-towers.com\/wp-content\/uploads\/Estrategias-para-Optimizar-la-Eficiencia-y-Calidad-Laboral-HTB-600x366.jpg 600w\" sizes=\"(max-width: 1024px) 100vw, 1024px\" \/><\/figure>\n<\/figure>\n\n\n\n<h2 class=\"wp-block-heading\"><span class=\"ez-toc-section\" id=\"Delegar_Responsabilitats_de_Manera_Estrategica\"><\/span>Delegar Responsabilitats de Manera Estrat\u00e8gica<span class=\"ez-toc-section-end\"><\/span><\/h2>\n\n\n\n<p>&nbsp;Coneixer les forces individuals dels membres de l&#8217;equip i assignar tasques en funci\u00f3 d&#8217;aquestes habilitats pot accelerar significativament el proc\u00e9s.&nbsp;<\/p>\n\n\n\n<p>A m\u00e9s, la delegaci\u00f3 no nom\u00e9s es tracta d&#8217;assignar tasques, sin\u00f3 tamb\u00e9 <strong>d&#8217;empoderar els membres de l&#8217;equip per prendre decisions i assumir responsabilitats<\/strong>. Aix\u00f2 no nom\u00e9s alleuja la c\u00e0rrega de treball del l\u00edder, sin\u00f3 que tamb\u00e9 <strong>fomenta un ambient de confian\u00e7a i col\u00b7laboraci\u00f3.<\/strong><\/p>\n\n\n\n<h2 class=\"wp-block-heading\"><span class=\"ez-toc-section\" id=\"Utilitzar_eines_tecnologiques_de_Gestio_del_Temps\"><\/span><strong>Utilitzar eines tecnol\u00f2giques de Gesti\u00f3 del Temps<\/strong><span class=\"ez-toc-section-end\"><\/span><\/h2>\n\n\n\n<p>Aplicacions de gesti\u00f3 de tasques, calendaris compartits, plataformes de col\u00b7laboraci\u00f3 en l\u00ednia i programari de seguiment de projectes s\u00f3n nom\u00e9s alguns exemples.&nbsp;<\/p>\n\n\n\n<p>Aquestes eines poden ajudar a mantenir un seguiment prec\u00eds del temps dedicat a cada tasca, facilitar la col\u00b7laboraci\u00f3 en temps real i proporcionar informes detallats sobre el progr\u00e9s del projecte. <strong>La elecci\u00f3 de les eines adequades dep\u00e8n de les necessitats espec\u00edfiques de l&#8217;equip i del tipus de projecte en qu\u00e8 estiguin involucrats<\/strong>.<\/p>\n\n\n\n<h2 class=\"wp-block-heading\"><span class=\"ez-toc-section\" id=\"Promoure_la_Flexibilitat_i_lAdaptabilitat\"><\/span><strong>Promoure la Flexibilitat i l&#8217;Adaptabilitat<\/strong><span class=\"ez-toc-section-end\"><\/span><\/h2>\n\n\n\n<p>Tot i una planificaci\u00f3 meticulosa, l&#8217;entorn laboral pot ser imprevisible. <strong>Els equips han de ser capa\u00e7os d&#8217;adaptar-se a canvis inesperats sense comprometre la qualitat del treball<\/strong>.&nbsp;<\/p>\n\n\n\n<p>La flexibilitat en la gesti\u00f3 del temps implica estar disposat a ajustar terminis, redistribuir tasques i reavaluar prioritats segons sigui necessari.&nbsp;<\/p>\n\n\n\n<p>Fomentar una mentalitat adaptable dins de l&#8217;equip contribueix a la resili\u00e8ncia davant dels reptes i garanteix que el treball continu\u00ef de manera eficient fins i tot en situacions canviant.<\/p>\n\n\n\n<h2 class=\"wp-block-heading\"><span class=\"ez-toc-section\" id=\"Avaluacio_Continua_i_Aprenentatge\"><\/span><strong>Avaluaci\u00f3 Cont\u00ednua i Aprenentatge<\/strong><span class=\"ez-toc-section-end\"><\/span><\/h2>\n\n\n\n<p>La gesti\u00f3 del temps en el treball en equip \u00e9s un proc\u00e9s en constant evoluci\u00f3. Despr\u00e9s de la finalitzaci\u00f3 de cada projecte, \u00e9s crucial realitzar una avaluaci\u00f3 exhaustiva.&nbsp;<\/p>\n\n\n\n<p><strong>Reflexionar sobre el que va funcionar b\u00e9 i el que es podria millorar ajuda a perfeccionar les estrat\u00e8gies de gesti\u00f3 del temps per a projectes futurs<\/strong>. A m\u00e9s, fomentar una cultura d&#8217;aprenentatge continu dins de l&#8217;equip impulsa la millora constant i l&#8217;adaptaci\u00f3 a noves circumst\u00e0ncies.<\/p>\n\n\n\n<p><strong>La gesti\u00f3 del temps en el treball en equip \u00e9s essencial per a aconseguir nivells \u00f2ptims d&#8217;efici\u00e8ncia i qualitat.&nbsp;<\/strong><\/p>\n\n\n\n<p>Establir objectius clars, comunicar-se de manera oberta, delegar de manera estrat\u00e8gica, utilitzar eines tecnol\u00f2giques, promoure la flexibilitat i aprendre de cada experi\u00e8ncia s\u00f3n elements clau per a aconseguir una gesti\u00f3 del temps efectiva.&nbsp;<\/p>\n\n\n\n<p>En implementar aquestes estrat\u00e8gies, els equips poden superar reptes, complir terminis i, en \u00faltima inst\u00e0ncia, oferir resultats d&#8217;alta qualitat de manera consistent.&nbsp;<\/p>\n\n\n\n<p>En un m\u00f3n laboral cada vegada m\u00e9s din\u00e0mic, la capacitat de gestionar el temps de manera efectiva es converteix en un actiu preuat per a qualsevol equip que busqui destacar en el seu rendiment.<\/p>\n","protected":false},"excerpt":{"rendered":"<p>En el m\u00f3n laboral actual, on la velocitat de la informaci\u00f3 i la complexitat de les tasques s\u00f3n constants, la gesti\u00f3 del temps s&#8217;ha convertit en un element clau per a l&#8217;\u00e8xit de qualsevol equip de treball.&nbsp; La capacitat d&#8217;optimitzar el temps de manera efectiva no nom\u00e9s impulsa la productivitat sin\u00f3 que tamb\u00e9 contribueix a&#8230;<\/p>\n","protected":false},"author":3,"featured_media":7172,"comment_status":"open","ping_status":"open","sticky":false,"template":"","format":"standard","meta":{"footnotes":""},"categories":[6],"tags":[],"class_list":["post-7171","post","type-post","status-publish","format-standard","has-post-thumbnail","hentry","category-uncategorized-ca"],"_links":{"self":[{"href":"https:\/\/human-towers.com\/ca\/wp-json\/wp\/v2\/posts\/7171"}],"collection":[{"href":"https:\/\/human-towers.com\/ca\/wp-json\/wp\/v2\/posts"}],"about":[{"href":"https:\/\/human-towers.com\/ca\/wp-json\/wp\/v2\/types\/post"}],"author":[{"embeddable":true,"href":"https:\/\/human-towers.com\/ca\/wp-json\/wp\/v2\/users\/3"}],"replies":[{"embeddable":true,"href":"https:\/\/human-towers.com\/ca\/wp-json\/wp\/v2\/comments?post=7171"}],"version-history":[{"count":1,"href":"https:\/\/human-towers.com\/ca\/wp-json\/wp\/v2\/posts\/7171\/revisions"}],"predecessor-version":[{"id":7178,"href":"https:\/\/human-towers.com\/ca\/wp-json\/wp\/v2\/posts\/7171\/revisions\/7178"}],"wp:featuredmedia":[{"embeddable":true,"href":"https:\/\/human-towers.com\/ca\/wp-json\/wp\/v2\/media\/7172"}],"wp:attachment":[{"href":"https:\/\/human-towers.com\/ca\/wp-json\/wp\/v2\/media?parent=7171"}],"wp:term":[{"taxonomy":"category","embeddable":true,"href":"https:\/\/human-towers.com\/ca\/wp-json\/wp\/v2\/categories?post=7171"},{"taxonomy":"post_tag","embeddable":true,"href":"https:\/\/human-towers.com\/ca\/wp-json\/wp\/v2\/tags?post=7171"}],"curies":[{"name":"wp","href":"https:\/\/api.w.org\/{rel}","templated":true}]}}