{"id":7053,"date":"2023-06-13T14:48:28","date_gmt":"2023-06-13T12:48:28","guid":{"rendered":"https:\/\/human-towers.com\/?p=7053"},"modified":"2023-06-13T14:48:30","modified_gmt":"2023-06-13T12:48:30","slug":"equips-de-treball","status":"publish","type":"post","link":"https:\/\/human-towers.com\/ca\/equips-de-treball\/","title":{"rendered":"La Import\u00e0ncia de la Diversitat als Equips de Treball"},"content":{"rendered":"\n<p>Actualment, el m\u00f3n laboral est\u00e0 experimentant <strong>una transformaci\u00f3 significativa<\/strong>. Cada cop m\u00e9s empreses reconeixen que la diversitat als equips de treball \u00e9s un <strong>factor clau per assolir l&#8217;\u00e8xit i l&#8217;excel\u00b7l\u00e8ncia empresarial.<\/strong><\/p>\n\n\n\n<p>La inclusi\u00f3 de persones amb diferents antecedents, experi\u00e8ncies i perspectives <strong>enriqueix la din\u00e0mica laboral<\/strong> i fomenta la innovaci\u00f3, la creativitat i el creixement empresarial.<br>En aquest article, explorarem <strong>la import\u00e0ncia de la diversitat als equips de treball<\/strong> i com pot impulsar la productivitat i l&#8217;ambient laboral.<\/p>\n\n\n\n<div id=\"ez-toc-container\" class=\"ez-toc-v2_0_69_1 counter-hierarchy ez-toc-counter ez-toc-grey ez-toc-container-direction\">\n<div class=\"ez-toc-title-container\">\n<p class=\"ez-toc-title \" ><\/p>\n<span class=\"ez-toc-title-toggle\"><\/span><\/div>\n<nav><ul class='ez-toc-list ez-toc-list-level-1 ' ><li class='ez-toc-page-1 ez-toc-heading-level-2'><a class=\"ez-toc-link ez-toc-heading-1\" href=\"https:\/\/human-towers.com\/ca\/equips-de-treball\/#1En_primer_lloc_es_essencial_entendre_que_senten_per_la_diversitat_en_el_context_laboral\" title=\"1.En primer lloc, \u00e9s essencial entendre qu\u00e8 s&#8217;ent\u00e9n per la diversitat en el context laboral.\">1.En primer lloc, \u00e9s essencial entendre qu\u00e8 s&#8217;ent\u00e9n per la diversitat en el context laboral.<\/a><\/li><li class='ez-toc-page-1 ez-toc-heading-level-2'><a class=\"ez-toc-link ez-toc-heading-2\" href=\"https:\/\/human-towers.com\/ca\/equips-de-treball\/#2Com_afecta_lambient_de_treball\" title=\"2.Com afecta l&#8217;ambient de treball\">2.Com afecta l&#8217;ambient de treball<\/a><\/li><\/ul><\/nav><\/div>\n<h2 class=\"wp-block-heading\"><span class=\"ez-toc-section\" id=\"1En_primer_lloc_es_essencial_entendre_que_senten_per_la_diversitat_en_el_context_laboral\"><\/span>1.En primer lloc, \u00e9s essencial entendre qu\u00e8 s&#8217;ent\u00e9n per la diversitat en el context laboral.<span class=\"ez-toc-section-end\"><\/span><\/h2>\n\n\n\n<p>La diversitat inclou una \u00e0mplia gamma de caracter\u00edstiques i dimensions, com l&#8217;edat, el g\u00e8nere, l&#8217;\u00e8tnia, l&#8217;orientaci\u00f3 sexual, la religi\u00f3, la nacionalitat, la discapacitat i l&#8217;experi\u00e8ncia educativa i professional.<\/p>\n\n\n\n<p>En reunir persones amb <strong>diferents perspectives i habilitats<\/strong>, es crea un ambient de treball enriquidor on es generen idees innovadores i es promou la presa de decisions m\u00e9s s\u00f2lides.<\/p>\n\n\n\n<p>Un equip divers t\u00e9 una <strong>avantatge competitiva indiscutible<\/strong>. Els diversos punts de vista i experi\u00e8ncies aportades pels membres de l&#8217;equip poden desembocar a m\u00e9s creativitat i a una resoluci\u00f3 de problemes m\u00e9s efectiva.<br>La diversitat estimula la discussi\u00f3 oberta i l\u2019intercanvi d\u2019idees, la qual cosa porta a solucions m\u00e9s s\u00f2lides i millors resultats. A m\u00e9s a m\u00e9s, <strong>un equip divers \u00e9s m\u00e9s capa\u00e7de comprendre i atendre les necessitats d&#8217;un mercat global divers<\/strong>, cosa que pot impulsar la innovaci\u00f3 i la satisfacci\u00f3 del client.<\/p>\n\n\n<div class=\"wp-block-image\">\n<figure class=\"aligncenter size-full is-resized\"><img loading=\"lazy\" decoding=\"async\" src=\"https:\/\/human-towers.com\/wp-content\/uploads\/Equipos-de-trabajo.jpg\" alt=\"Equips de Treball\" class=\"wp-image-7046\" width=\"341\" height=\"341\"\/><\/figure><\/div>\n\n\n<h2 class=\"wp-block-heading\"><span class=\"ez-toc-section\" id=\"2Com_afecta_lambient_de_treball\"><\/span>2.Com afecta l&#8217;ambient de treball<span class=\"ez-toc-section-end\"><\/span><\/h2>\n\n\n\n<p>A m\u00e9s a m\u00e9s de fomentar la creativitat i la innovaci\u00f3, la diversitat tamb\u00e9 millora l&#8217;ambient laboral. En promoure la inclusi\u00f3 i la igualtat d&#8217;oportunitats, les empreses poden crear un entorn on els empleats es sentin valorats i respectats.<\/p>\n\n\n\n<p>Aix\u00f2 contribueix a un clima laboral positiu i a <strong>m\u00e9s satisfacci\u00f3 i comprom\u00eds dels<\/strong> <strong>empleats<\/strong>. Quan els empleats es senten c\u00f2modes i acceptats al lloc de treball, \u00e9s m\u00e9s probable que siguin <strong>productius i contribueixin a l&#8217;\u00e8xit de l&#8217;empresa.<\/strong><\/p>\n\n\n\n<p>La diversitat als equips de treball tamb\u00e9 promouen la <strong>resoluci\u00f3 de conflictes<\/strong> de manera efectiva. Com que les persones tenen diferents perspectives i experi\u00e8ncies, \u00e9s probable que sorgeixin difer\u00e8ncies d&#8217;opini\u00f3 i desafiaments. Aquests desacords, per\u00f2, poden ser oportunitats pel creixement i l&#8217;aprenentatge si es gestionen adequadament.<\/p>\n\n\n\n<p>Un equip divers, a l\u2019estar <strong>exposat a diferents maneres de pensar<\/strong>, pot <strong><a href=\"https:\/\/human-towers.com\/ca\/portfolio\/human-team-building\/\" data-type=\"URL\" data-id=\"https:\/\/human-towers.com\/ca\/portfolio\/human-team-building\/\">desenvolupar habilitats de comunicaci\u00f3 i negociaci\u00f3 m\u00e9s s\u00f2lides<\/a><\/strong>, el que desemboca en una resoluci\u00f3 de conflictes m\u00e9s efectiva i un <strong>clima laboral m\u00e9s harmoni\u00f3s<\/strong>.<\/p>\n\n\n\n<p>\u00c9s important destacar que la diversitat no nom\u00e9s es tracta de reclutar persones amb diferents caracter\u00edstiques, sin\u00f3 tamb\u00e9 de fomentar la inclusi\u00f3 i l&#8217;equitat al lloc de treball.<\/p>\n\n\n\n<p>Les empreses han de crear pol\u00edtiques i pr\u00e0ctiques que promoguin la diversitat i assegurin que tots els empleats tinguin igualtat d&#8217;oportunitats per cr\u00e9ixer i avan\u00e7ar a les seves carreres. Aix\u00f2 implica eliminar els biaixos i les barreres que puguin existir en els processos de selecci\u00f3 i promoci\u00f3 de personal.<\/p>\n","protected":false},"excerpt":{"rendered":"<p>Actualment, el m\u00f3n laboral est\u00e0 experimentant una transformaci\u00f3 significativa. Cada cop m\u00e9s empreses reconeixen que la diversitat als equips de treball \u00e9s un factor clau per assolir l&#8217;\u00e8xit i l&#8217;excel\u00b7l\u00e8ncia empresarial. La inclusi\u00f3 de persones amb diferents antecedents, experi\u00e8ncies i perspectives enriqueix la din\u00e0mica laboral i fomenta la innovaci\u00f3, la creativitat i el creixement empresarial.En&#8230;<\/p>\n","protected":false},"author":3,"featured_media":7048,"comment_status":"open","ping_status":"open","sticky":false,"template":"","format":"standard","meta":{"footnotes":""},"categories":[6],"tags":[],"class_list":["post-7053","post","type-post","status-publish","format-standard","has-post-thumbnail","hentry","category-uncategorized-ca"],"_links":{"self":[{"href":"https:\/\/human-towers.com\/ca\/wp-json\/wp\/v2\/posts\/7053"}],"collection":[{"href":"https:\/\/human-towers.com\/ca\/wp-json\/wp\/v2\/posts"}],"about":[{"href":"https:\/\/human-towers.com\/ca\/wp-json\/wp\/v2\/types\/post"}],"author":[{"embeddable":true,"href":"https:\/\/human-towers.com\/ca\/wp-json\/wp\/v2\/users\/3"}],"replies":[{"embeddable":true,"href":"https:\/\/human-towers.com\/ca\/wp-json\/wp\/v2\/comments?post=7053"}],"version-history":[{"count":1,"href":"https:\/\/human-towers.com\/ca\/wp-json\/wp\/v2\/posts\/7053\/revisions"}],"predecessor-version":[{"id":7054,"href":"https:\/\/human-towers.com\/ca\/wp-json\/wp\/v2\/posts\/7053\/revisions\/7054"}],"wp:featuredmedia":[{"embeddable":true,"href":"https:\/\/human-towers.com\/ca\/wp-json\/wp\/v2\/media\/7048"}],"wp:attachment":[{"href":"https:\/\/human-towers.com\/ca\/wp-json\/wp\/v2\/media?parent=7053"}],"wp:term":[{"taxonomy":"category","embeddable":true,"href":"https:\/\/human-towers.com\/ca\/wp-json\/wp\/v2\/categories?post=7053"},{"taxonomy":"post_tag","embeddable":true,"href":"https:\/\/human-towers.com\/ca\/wp-json\/wp\/v2\/tags?post=7053"}],"curies":[{"name":"wp","href":"https:\/\/api.w.org\/{rel}","templated":true}]}}