{"id":6773,"date":"2022-07-01T10:46:56","date_gmt":"2022-07-01T08:46:56","guid":{"rendered":"https:\/\/human-towers.com\/?p=6773"},"modified":"2022-07-01T11:24:21","modified_gmt":"2022-07-01T09:24:21","slug":"paciencia-i-com-forma-part-de-la-nostra-vida","status":"publish","type":"post","link":"https:\/\/human-towers.com\/ca\/paciencia-i-com-forma-part-de-la-nostra-vida\/","title":{"rendered":"Qu\u00e8 \u00e9s la paci\u00e8ncia i com forma part de la nostra vida?"},"content":{"rendered":"\n<p>Coneixes la hist\u00f2ria del <strong>bamb\u00fa<\/strong>?<\/p>\n\n\n\n<p>Encara que la majoria ho desconeix, la planta del bamb\u00fa inverteix els primers 5 anys de la seva vida a <strong>assentar <\/strong><strong>les seves <\/strong><strong>fortes arrels sota terra<\/strong>.<\/p>\n\n\n\n<p>Per a qualsevol observador extern, all\u00e0 no estaria passant res, doncs durant tot aquest temps, ni tan sols una petita branca treu el cap a la superf\u00edcie.<\/p>\n\n\n\n<p>En poc m\u00e9s d\u2019un any, la planta creix amb f\u00faria fins a assolir els <strong>6 metres d&#8217;al\u00e7ada<\/strong>.<\/p>\n\n\n\n<p>I de la mateixa manera que no pots demanar al bamb\u00fa que creixi m\u00e9s r\u00e0pid, tampoc no pots accelerar segons quins processos de la teva vida personal o professional.<\/p>\n\n\n\n<p>Quan parlem de paci\u00e8ncia, ens quedem amb:<\/p>\n\n\n\n<p>1. <em>f. Capacitat de patir o suportar alguna cosa sense alterar-nos.<\/em><\/p>\n\n\n\n<p>2. <em>f. Capacitat per fer coses pesades o minucioses.<\/em><\/p>\n\n\n\n<p>\u00c9s a dir, la paci\u00e8ncia \u00e9s la capacitat que tenim els \u00e9ssers humans per <strong>tolerar l&#8217;espera, la<\/strong> <strong>incertesa i acceptar la frustraci\u00f3<\/strong> que genera no saber, a partir d&#8217;una posici\u00f3 calmada.<\/p>\n\n\n\n<figure class=\"wp-block-image size-full\"><img loading=\"lazy\" decoding=\"async\" width=\"667\" height=\"447\" src=\"https:\/\/human-towers.com\/wp-content\/uploads\/paciencia.jpg\" alt=\"Qu\u00e8 \u00e9s la paci\u00e8ncia i com forma part de la nostra vida?\" class=\"wp-image-6774\" srcset=\"https:\/\/human-towers.com\/wp-content\/uploads\/paciencia.jpg 667w, https:\/\/human-towers.com\/wp-content\/uploads\/paciencia-300x201.jpg 300w, https:\/\/human-towers.com\/wp-content\/uploads\/paciencia-600x402.jpg 600w\" sizes=\"(max-width: 667px) 100vw, 667px\" \/><figcaption>paci\u00e8ncia<\/figcaption><\/figure>\n\n\n\n<p>Quan ho pensem, comprenem que aquesta espera no <strong>\u00e9s una habilitat que sigui inherent a<\/strong> <strong>l&#8217;\u00e9sser hum\u00e0.<\/strong><\/p>\n\n\n\n<p>Des que naixem, els nadons reclamen atenci\u00f3 per satisfer totes les necessitats que tenen.<\/p>\n\n\n\n<p>I no les planeja en un calendari, sin\u00f3 que <strong>s&#8217;han de complir immediatament<\/strong>. I si no \u00e9s aix\u00ed, cridar\u00e0 i plorar\u00e0 fins que alg\u00fa atengui la trucada. Conforme creixem, ens allunyem d&#8217;aquesta sensaci\u00f3 i generem un espai segur on <strong>aprenem afrustrar-nos de manera saludable.<\/strong><\/p>\n\n\n\n<div id=\"ez-toc-container\" class=\"ez-toc-v2_0_69_1 counter-hierarchy ez-toc-counter ez-toc-grey ez-toc-container-direction\">\n<div class=\"ez-toc-title-container\">\n<p class=\"ez-toc-title \" ><\/p>\n<span class=\"ez-toc-title-toggle\"><\/span><\/div>\n<nav><ul class='ez-toc-list ez-toc-list-level-1 ' ><li class='ez-toc-page-1 ez-toc-heading-level-2'><a class=\"ez-toc-link ez-toc-heading-1\" href=\"https:\/\/human-towers.com\/ca\/paciencia-i-com-forma-part-de-la-nostra-vida\/#Conrea_la_paciencia_lescassa_habilitat_que_canviara_la_teva_mirada_del_mon\" title=\"Conrea la paci\u00e8ncia: l&#8217;escassa habilitat que canviar\u00e0 la teva mirada del m\u00f3n\">Conrea la paci\u00e8ncia: l&#8217;escassa habilitat que canviar\u00e0 la teva mirada del m\u00f3n<\/a><\/li><li class='ez-toc-page-1 ez-toc-heading-level-2'><a class=\"ez-toc-link ez-toc-heading-2\" href=\"https:\/\/human-towers.com\/ca\/paciencia-i-com-forma-part-de-la-nostra-vida\/#Redueix_el_ritme_a_la_teva_empresa_aposta_per_un_moviment_assossegat\" title=\"Redueix el ritme a la teva empresa: aposta per un moviment assossegat\">Redueix el ritme a la teva empresa: aposta per un moviment assossegat<\/a><\/li><\/ul><\/nav><\/div>\n<h2 class=\"wp-block-heading\"><span class=\"ez-toc-section\" id=\"Conrea_la_paciencia_lescassa_habilitat_que_canviara_la_teva_mirada_del_mon\"><\/span>Conrea la paci\u00e8ncia: l&#8217;escassa habilitat que canviar\u00e0 la teva mirada del m\u00f3n<span class=\"ez-toc-section-end\"><\/span><\/h2>\n\n\n\n<p>Encara que el desenvolupament natural de l&#8217;\u00e9sser hum\u00e0 el porti a <strong>assentar les bases d&#8217;aquesta<\/strong> <strong>paci\u00e8ncia<\/strong>, sembla que <strong>la societat avan\u00e7a avui en la direcci\u00f3 contr\u00e0ria<\/strong>.<\/p>\n\n\n\n<p>Les xarxes socials i tots els aven\u00e7os tecnol\u00f2gics d&#8217;aquest segle han fet de la <strong>immediatesa<\/strong> el valor principal.<\/p>\n\n\n\n<p>Empreses com Amazon ja lliuren els seus productes <strong>el mateix dia de la compra<\/strong>.<\/p>\n\n\n\n<p>Obres una aplicaci\u00f3 i en mitja hora reps la comanda del <strong>restaurant que vulguis<\/strong> de la ciutat.<\/p>\n\n\n\n<p>I quan envies un WhatsApp i no et responen fins d&#8217;aqu\u00ed a 6 o 7 hores, et preguntes si a aquesta persona li haur\u00e0 passat alguna cosa dolenta.<\/p>\n\n\n\n<p><strong>Com explica Zygmund Bauman, l&#8217;espera ha esdevingut un estigma d&#8217;inferioritat.El temps que hagis d&#8217;esperar<\/strong> fins que rebis atenci\u00f3 de part d&#8217;una altra persona, <strong>determinar\u00e0 la teva posici\u00f3 social.<\/strong><\/p>\n\n\n\n<h2 class=\"wp-block-heading\"><span class=\"ez-toc-section\" id=\"Redueix_el_ritme_a_la_teva_empresa_aposta_per_un_moviment_assossegat\"><\/span>Redueix el ritme a la teva empresa: aposta per un moviment assossegat<span class=\"ez-toc-section-end\"><\/span><\/h2>\n\n\n\n<p>El ritme fren\u00e8tic que imposem a la nostra empresa determinar\u00e0 la <strong>qualitat del treball<\/strong> que rebem.<\/p>\n\n\n\n<p>Com m\u00e9s r\u00e0pid posem les m\u00e0quines a treballar, <strong>m\u00e9s superficial en ser\u00e0 el resultat<\/strong>.<\/p>\n\n\n\n<p>Si volem que un <strong><a href=\"https:\/\/human-towers.com\/ca\/els-avantatges-daprendre-a-treballar-en-equip\/\" data-type=\"URL\" data-id=\"https:\/\/human-towers.com\/ca\/els-avantatges-daprendre-a-treballar-en-equip\/\">equip<\/a><\/strong> es comprometi amb les nostres objectius, ens cal donar-los <strong>l&#8217;espai de<\/strong> <strong>seguretat<\/strong> que necessiten per aconseguir aquest objectiu.<\/p>\n\n\n\n<p>Doncs de la mateixa manera que passava amb el bamb\u00fa, <strong>per cr\u00e9ixer r\u00e0pid necessitem unes arrels poderoses.<\/strong><strong><\/strong><\/p>\n\n\n\n<p>I aix\u00f2 nom\u00e9s s\u2019aconsegueix amb temps. A Human-Tower invoquem aquesta nova manera de <strong>lideratge <\/strong>en qu\u00e8 importa la fi, <strong>per\u00f2 tamb\u00e9els mitjans.<\/strong><\/p>\n\n\n\n<p>Per aix\u00f2 apostem per crear un context on cadascuna de les parts de l&#8217;equip <strong>gaudeixi <\/strong>del dia a dia.<\/p>\n\n\n\n<p>Nom\u00e9s aix\u00ed aconseguirem un comprom\u00eds real i a llarg termini amb la resta de companys i objectius de l&#8217;organitzaci\u00f3.<\/p>\n\n\n\n<p>Ho intentem?<\/p>\n","protected":false},"excerpt":{"rendered":"<p>Aprendre a cultivar la paci\u00e8ncia \u00e9s una de les habilitats que m\u00e9s escassegen en una societat que ho vol tot r\u00e0pid i per ahir.<\/p>\n","protected":false},"author":3,"featured_media":6769,"comment_status":"open","ping_status":"open","sticky":false,"template":"","format":"standard","meta":{"footnotes":""},"categories":[6],"tags":[],"class_list":["post-6773","post","type-post","status-publish","format-standard","has-post-thumbnail","hentry","category-uncategorized-ca"],"_links":{"self":[{"href":"https:\/\/human-towers.com\/ca\/wp-json\/wp\/v2\/posts\/6773"}],"collection":[{"href":"https:\/\/human-towers.com\/ca\/wp-json\/wp\/v2\/posts"}],"about":[{"href":"https:\/\/human-towers.com\/ca\/wp-json\/wp\/v2\/types\/post"}],"author":[{"embeddable":true,"href":"https:\/\/human-towers.com\/ca\/wp-json\/wp\/v2\/users\/3"}],"replies":[{"embeddable":true,"href":"https:\/\/human-towers.com\/ca\/wp-json\/wp\/v2\/comments?post=6773"}],"version-history":[{"count":3,"href":"https:\/\/human-towers.com\/ca\/wp-json\/wp\/v2\/posts\/6773\/revisions"}],"predecessor-version":[{"id":6785,"href":"https:\/\/human-towers.com\/ca\/wp-json\/wp\/v2\/posts\/6773\/revisions\/6785"}],"wp:featuredmedia":[{"embeddable":true,"href":"https:\/\/human-towers.com\/ca\/wp-json\/wp\/v2\/media\/6769"}],"wp:attachment":[{"href":"https:\/\/human-towers.com\/ca\/wp-json\/wp\/v2\/media?parent=6773"}],"wp:term":[{"taxonomy":"category","embeddable":true,"href":"https:\/\/human-towers.com\/ca\/wp-json\/wp\/v2\/categories?post=6773"},{"taxonomy":"post_tag","embeddable":true,"href":"https:\/\/human-towers.com\/ca\/wp-json\/wp\/v2\/tags?post=6773"}],"curies":[{"name":"wp","href":"https:\/\/api.w.org\/{rel}","templated":true}]}}